{"id":61,"date":"2019-02-05T22:25:30","date_gmt":"2019-02-05T22:25:30","guid":{"rendered":"http:\/\/brilhar.pt\/?p=61"},"modified":"2023-02-24T18:56:21","modified_gmt":"2023-02-24T18:56:21","slug":"maria-teresa-mendes","status":"publish","type":"post","link":"https:\/\/brilhar.pt\/index.php\/2019\/02\/05\/maria-teresa-mendes\/","title":{"rendered":"Maria Teresa Mendes"},"content":{"rendered":"\n<div class=\"wp-block-image\"><figure class=\"alignleft\"><img loading=\"lazy\" width=\"150\" height=\"220\" src=\"http:\/\/brilhar.pt\/wp-content\/uploads\/2019\/02\/MTM-e1571261564711.jpg\" alt=\"\" class=\"wp-image-108\"\/><figcaption><em>Brilhar \u00e9 uma marca pessoal que destaca os meus &#8220;porqu\u00eas&#8221;. Os porqu\u00eas de fazer aquilo em que acredito e que tenho empreendido. Acredito que atrav\u00e9s de uma educa\u00e7\u00e3o participativa e integral,  conseguiremos transformar o mundo num espa\u00e7o de co-exist\u00eancia equilibrada. Acredito que a transforma\u00e7\u00e3o do todo come\u00e7a pelo desenvolvimento de cada pessoa, em rela\u00e7\u00e3o harmoniosa com o que a rodeia. Acredito que dessa rela\u00e7\u00e3o s\u00e3o criados sistemas e organiza\u00e7\u00f5es que promovem o bem comum, de um modo \u00edntegro e respons\u00e1vel.<\/em><br><\/figcaption><\/figure><\/div>\n\n\n\n<p class=\"has-medium-gray-color has-text-color\">O que queres ser quando for(es) agora?<\/p>\n\n\n\n<p>Quando compreendi o que me fazia&nbsp;brilhar os olhos assumi essa responsabilidade, em todos os sentidos. Contribuir para a inova\u00e7\u00e3o da educa\u00e7\u00e3o e da sociedade, criando redes e abrindo portas para que cada pessoa possa florescer no seu mundo, o mundo de todos n\u00f3s.<\/p>\n\n\n\n<p><br><\/p>\n\n\n\n<p>Criei este espa\u00e7o de desenvolvimento com servi\u00e7os personalizados para colaborar em projetos de consultoria nacionais e internacionais, trans-forma\u00e7\u00e3o nas \u00e1reas sociais, educa\u00e7\u00e3o e lideran\u00e7a. <\/p>\n\n\n\n<p>Servi\u00e7os de consultoria-tutoria a pessoas e equipas em processos de mudan\u00e7a e inova\u00e7\u00e3o; a\u00e7\u00f5es de forma\u00e7\u00e3o-a\u00e7\u00e3o; facilita\u00e7\u00e3o de c\u00edrculos em council; coaching individual e coletivo; comunica\u00e7\u00f5es e palestras; redes de partilha e investiga\u00e7\u00e3o. Estas s\u00e3o algumas das organiza\u00e7\u00f5es que tenho desenvolvido, em equipa e em rede:\u00a0<a href=\"https:\/\/www.facebook.com\/hashtag\/florescer?epa=HASHTAG\">#Florescer<\/a>,\u00a0<a href=\"https:\/\/www.facebook.com\/hashtag\/redeeduca%C3%A7%C3%A3oviva?epa=HASHTAG\">#RedeEduca\u00e7\u00e3oViva<\/a>,\u00a0<a href=\"https:\/\/www.facebook.com\/hashtag\/redewayofcouncil?epa=HASHTAG\">#RedeWayofCouncil<\/a>,\u00a0<a href=\"https:\/\/www.facebook.com\/hashtag\/enraizar?epa=HASHTAG\">#Enraizar<\/a>,\u00a0<a href=\"https:\/\/www.facebook.com\/hashtag\/vizinhar?epa=HASHTAG\">#Vizinhar<\/a>, <a href=\"https:\/\/terradossonhos.org\/home\" data-type=\"URL\" data-id=\"https:\/\/terradossonhos.org\/home\" target=\"_blank\" rel=\"noreferrer noopener\">#Terra dos Sonhos<\/a>.<br><\/p>\n\n\n\n<p class=\"has-medium-gray-color has-text-color\">Mestrado em Ci\u00eancias da Educa\u00e7\u00e3o&nbsp;(Universidade Cat\u00f3lica Portuguesa \u2013 F. Ci\u00eancias Humanas, 2012), com a tese:&nbsp;<a href=\"https:\/\/repositorio.ucp.pt\/handle\/10400.14\/8605\">\u201cEduca\u00e7\u00e3o Empreendedora \u2013 Uma vis\u00e3o hol\u00edstica do empreendedorismo na educa\u00e7\u00e3o\u201d<\/a>, estudo de caso da Escola da Ponte.&nbsp;Especializa\u00e7\u00e3o em Pedagogia Social&nbsp;(Universidade Cat\u00f3lica Portuguesa,&nbsp;2005).&nbsp;Licenciatura em Organiza\u00e7\u00e3o e Gest\u00e3o de Empresas, especialidade em Marketing (ISCTE, 1999).<\/p>\n\n\n\n<p class=\"has-medium-gray-color has-text-color\">Forma\u00e7\u00e3o especializada em Way of Council, Sociocracia, Teaching Academy &#8211; J.Krishnamurti, PNL-Programa\u00e7\u00e3o Neurolingu\u00edstica, Igualdade de Oportunidades, Coaching. <\/p>\n\n\n\n<p class=\"has-medium-gray-color has-text-color\">Experi\u00eancia na \u00e1rea da inova\u00e7\u00e3o social e educa\u00e7\u00e3o global, gest\u00e3o e consultoria,\u00a0forma\u00e7\u00e3o,\u00a0empreendedorismo e lideran\u00e7a, comunica\u00e7\u00e3o (publicidade e r\u00e1dio), redes e projetos comunit\u00e1rios.\u00a0Destaca-se a\u00a0colabora\u00e7\u00e3o na European Council Network, na Rede Way of Council Portugal e no Programa de forma\u00e7\u00e3o em lideran\u00e7a <a rel=\"noreferrer noopener\" aria-label=\"LeadershipYOU (abre num novo separador)\" href=\"https:\/\/theleadershipofyou.com\" target=\"_blank\">LeadershipYOU<\/a>; consultoria t\u00e9cnica e facilita\u00e7\u00e3o de equipas no projeto Oficina do Sonho (Casas de Acolhimento) da Associa\u00e7\u00e3o Terra dos Sonhos desde 2021; experi\u00eancia de gest\u00e3o de projetos de empreendedorismo social no Programa de Desenvolvimento Comunit\u00e1rio Urbano K&#8217;Cidade (Funda\u00e7\u00e3o AgaKhan); consultoria no\u00a0Minist\u00e9rio Educa\u00e7\u00e3o para o Projeto \u00e9! &#8211; Educa\u00e7\u00e3o para o Empreendedorismo (2005-2007).<\/p>\n\n\n\n<p class=\"has-medium-gray-color has-text-color\">Co-fundadora, presidente da <a href=\"https:\/\/florescer.pt\">Florescer<\/a> \u2013 Associa\u00e7\u00e3o de Educa\u00e7\u00e3o Global e co-fundadora de v\u00e1rias organiza\u00e7\u00f5es:&nbsp;<a href=\"https:\/\/www.candeia.org\">Candeia<\/a> \u2013 Associa\u00e7\u00e3o para a Anima\u00e7\u00e3o de Crian\u00e7as e Jovens,&nbsp;<a href=\"https:\/\/www.enraizar.pt\">Enraizar<\/a> \u2013 Associa\u00e7\u00e3o de Aprendizagem Comunit\u00e1ria,&nbsp;<a href=\"http:\/\/www.raizes.pt\">Ra\u00edzes<\/a> \u2013 Associa\u00e7\u00e3o de Apoio \u00e0 Crian\u00e7a e ao Jovem,&nbsp;<a href=\"http:\/\/www.educacaoviva.pt\">Rede Educa\u00e7\u00e3o Viva&nbsp;<\/a>e&nbsp;<a href=\"http:\/\/vizinhar.pt\">Vizinhar<\/a> \u2013 Cooperativa de Desenvolvimento Local<\/p>\n\n\n\n<p class=\"has-medium-gray-color has-text-color\">Publica\u00e7\u00f5es, em co-autoria: <a href=\"https:\/\/www.edicoesvieiradasilva.pt\/livros\/ensaio\/aprenderoutronomequeavidapoderiater\">\u201cAprender \u2013 Outro nome que a vida poderia ter\u201d<\/a>. Edi\u00e7\u00f5es Vieira da Silva&nbsp;(2018); \u201c<a href=\"https:\/\/www.researchgate.net\/publication\/262187664_Carta_de_Criacao_de_Negocios_para_a_Inclusao_-_Aulas_de_Conducao_Manual_Operacional\">Carta de Cria\u00e7\u00e3o de Neg\u00f3cios para a Inclus\u00e3o\u201d<\/a>. Kit de Anima\u00e7\u00e3o e Desenvolvimento Local.&nbsp;K\u2019Cidade \u2013 Programa de Desenvolvimento Comunit\u00e1rio Urbano&nbsp;(2007); <a href=\"http:\/\/www.dge.mec.pt\/sites\/default\/files\/ficheiros\/guiao_educ_empreend_2006.pdf\">\u201cGui\u00e3o de Educa\u00e7\u00e3o para o Empreendedorismo\u201d<\/a>. Cole\u00e7\u00e3o Educa\u00e7\u00e3o para a Cidadania .&nbsp;Minist\u00e9rio da Educa\u00e7\u00e3o. Dire\u00e7\u00e3o-geral de Inova\u00e7\u00e3o e de Desenvolvimento&nbsp;(2006).<\/p>\n\n\n\n<p>facebook: <a href=\"https:\/\/www.facebook.com\/brilharmariateresamendes\/notifications\/#\">@brilharmariateresamendes&nbsp;@mariateresamendes<\/a><\/p>\n\n\n\n<p>email: teresa.mendes@gmail.com<\/p>\n\n\n\n<p><em>E mais &#8230;  quem sou eu? Pergunta de uma vida. Nasci dia 11 dezembro de 1976 em Lisboa, Portugal. Cresci na cidade e no campo, a gostar do melhor de cada uma, feliz. Agora aos 43 anos, mais em aceita\u00e7\u00e3o com o que n\u00e3o me faz sentido. Mulher m\u00e3e empreendedora, vision\u00e1ria. Sim, guerreira da paz com alma de rainha e de crian\u00e7a. Apaixonada pela vida, pelo que fa\u00e7o. Agradecida todos os dias. A desfrutar, a semear, a transmutar, a cuidar. Caminhar com poesia na montanha e \u00e0 beira rio, a aventurar-me e a observar, dan\u00e7ar sozinha e em fam\u00edlia, com amigos, alimentar-me bem, chorar e partilhar, rir. Continuar a surpreender-me com isto de ser humano. Aprender. Tamb\u00e9m a ser esta for\u00e7a da natureza viva. Que oportunidade! <\/em><\/p>\n\n\n\n<p>(2019)<\/p>\n","protected":false},"excerpt":{"rendered":"<p>O que queres ser quando for(es) agora? Quando compreendi o que me fazia&nbsp;brilhar os olhos assumi essa responsabilidade, em todos os sentidos. Contribuir para a inova\u00e7\u00e3o da educa\u00e7\u00e3o e da sociedade, criando redes e abrindo portas para que cada pessoa possa florescer no seu mundo, o mundo de todos n\u00f3s. Criei este espa\u00e7o de desenvolvimento &hellip; <a href=\"https:\/\/brilhar.pt\/index.php\/2019\/02\/05\/maria-teresa-mendes\/\" class=\"more-link\">Continuar a ler<span class=\"screen-reader-text\"> &#8220;Maria Teresa Mendes&#8221;<\/span><\/a><\/p>\n","protected":false},"author":2,"featured_media":0,"comment_status":"closed","ping_status":"closed","sticky":true,"template":"","format":"standard","meta":[],"categories":[1],"tags":[],"_links":{"self":[{"href":"https:\/\/brilhar.pt\/index.php\/wp-json\/wp\/v2\/posts\/61"}],"collection":[{"href":"https:\/\/brilhar.pt\/index.php\/wp-json\/wp\/v2\/posts"}],"about":[{"href":"https:\/\/brilhar.pt\/index.php\/wp-json\/wp\/v2\/types\/post"}],"author":[{"embeddable":true,"href":"https:\/\/brilhar.pt\/index.php\/wp-json\/wp\/v2\/users\/2"}],"replies":[{"embeddable":true,"href":"https:\/\/brilhar.pt\/index.php\/wp-json\/wp\/v2\/comments?post=61"}],"version-history":[{"count":48,"href":"https:\/\/brilhar.pt\/index.php\/wp-json\/wp\/v2\/posts\/61\/revisions"}],"predecessor-version":[{"id":231,"href":"https:\/\/brilhar.pt\/index.php\/wp-json\/wp\/v2\/posts\/61\/revisions\/231"}],"wp:attachment":[{"href":"https:\/\/brilhar.pt\/index.php\/wp-json\/wp\/v2\/media?parent=61"}],"wp:term":[{"taxonomy":"category","embeddable":true,"href":"https:\/\/brilhar.pt\/index.php\/wp-json\/wp\/v2\/categories?post=61"},{"taxonomy":"post_tag","embeddable":true,"href":"https:\/\/brilhar.pt\/index.php\/wp-json\/wp\/v2\/tags?post=61"}],"curies":[{"name":"wp","href":"https:\/\/api.w.org\/{rel}","templated":true}]}}