{"id":132,"date":"2020-02-14T15:28:23","date_gmt":"2020-02-14T15:28:23","guid":{"rendered":"http:\/\/brilhar.pt\/?p=132"},"modified":"2023-02-24T18:59:42","modified_gmt":"2023-02-24T18:59:42","slug":"os-circulos-da-minha-vida","status":"publish","type":"post","link":"https:\/\/brilhar.pt\/index.php\/2020\/02\/14\/os-circulos-da-minha-vida\/","title":{"rendered":"C\u00edrculos, forma\u00e7\u00e3o e consultoria"},"content":{"rendered":"\n<div class=\"wp-block-image\"><figure class=\"alignright is-resized\"><img loading=\"lazy\" src=\"http:\/\/brilhar.pt\/wp-content\/uploads\/2020\/03\/fullsizeoutput_a79-1-873x1024.jpeg\" alt=\"\" class=\"wp-image-155\" width=\"136\" height=\"160\" srcset=\"https:\/\/brilhar.pt\/wp-content\/uploads\/2020\/03\/fullsizeoutput_a79-1-873x1024.jpeg 873w, https:\/\/brilhar.pt\/wp-content\/uploads\/2020\/03\/fullsizeoutput_a79-1-256x300.jpeg 256w, https:\/\/brilhar.pt\/wp-content\/uploads\/2020\/03\/fullsizeoutput_a79-1-768x901.jpeg 768w, https:\/\/brilhar.pt\/wp-content\/uploads\/2020\/03\/fullsizeoutput_a79-1-1200x1408.jpeg 1200w\" sizes=\"(max-width: 136px) 85vw, 136px\" \/><figcaption>Outdoor Circle<\/figcaption><\/figure><\/div>\n\n\n\n<p>Na minha vida e nos projetos onde estou envolvida, aplico os princ\u00edpios da express\u00e3o e da escuta aut\u00eantica e vejo-me a construir um mundo melhor, em c\u00edrculo. Com adultos, jovens e crian\u00e7as, em escolas, organiza\u00e7\u00f5es, empresas, com professores, executivos, l\u00edderes, amigos e quem sente o mesmo apelo. <\/p>\n\n\n\n<p>Estar em c\u00edrculo tem feito parte da minha vida, desde a juventude, na Associa\u00e7\u00e3o Candeia e, mais tarde, em projetos da Associa\u00e7\u00e3o Florescer e na Rede Educa\u00e7\u00e3o Viva. Em 2017, conclui forma\u00e7\u00e3o em Way of Council com Rob Dreaming e em Sociocracia 3.0 com John Buck. <\/p>\n\n\n\n<p>Colaboro ativamente na European<a rel=\"noreferrer noopener\" aria-label=\" Council Network  (abre num novo separador)\" href=\"https:\/\/waysofcouncil.net\" target=\"_blank\"> Council Network <\/a>e na <a rel=\"noreferrer noopener\" aria-label=\"Rede Way of Council Portugal (abre num novo separador)\" href=\"https:\/\/redecouncilportugal.weebly.com\/blog\" target=\"_blank\">Rede Way of Council Portugal<\/a>, onde fa\u00e7o o meu caminho enquanto facilitadora reconhecida de Way of Council, ligada a v\u00e1rios especialistas em todo o mundo. Em 2017 e 2018, fiz forma\u00e7\u00e3o em &#8220;Council in Schools&#8221; com Joe Provisor da Circleways, &#8220;Council in Organisations&#8221; com Gallit Hayen e Geisa Heiten e &#8220;The Art of Witnessing&#8221; com Gigi Coyle e Rob Dreaming. Em 2018, fui uma das respons\u00e1veis pela organiza\u00e7\u00e3o do Gathering anual do ECN, em Portugal.<\/p>\n\n\n\n<p>Sou coordenadora e consultora-formadora no Projeto <a rel=\"noreferrer noopener\" aria-label=\"&quot;Aprender em C\u00edrculo&quot; (abre num novo separador)\" href=\"https:\/\/aprenderemcirculo.pt\" target=\"_blank\">&#8220;Aprender em C\u00edrculo&#8221;<\/a> a decorrer no Agrupamento de Escolas Aquilino Ribeiro, em Oeiras, sendo tamb\u00e9m formadora respons\u00e1vel pelo curso acreditado para professores &#8220;Aprendizagem em C\u00edrculo&#8221;, desde 2018. Neste Projeto apoiamos as equipas das escolas a desenvolver novas abordagens pedag\u00f3gicas e a implementar o formato do c\u00edrculo nas pr\u00e1ticas di\u00e1rias, em rodas r\u00edtmicas, c\u00edrculos de emo\u00e7\u00f5es em Council e conselhos de alunos e de escola em Sociocracia.<\/p>\n\n\n\n<p>Na \u00e1rea das organiza\u00e7\u00f5es e lideran\u00e7a desenvolvo projetos em Council e facilitei os m\u00f3dulos L\u00edder Dial\u00f3gico e L\u00edder em Conflito, no Curso <a rel=\"noreferrer noopener\" aria-label=\"&quot;Leadership.YOU&quot; (abre num novo separador)\" href=\"https:\/\/theleadershipofyou.com\" target=\"_blank\">&#8220;Leadership.YOU&#8221;<\/a>, no ISEG. <\/p>\n\n\n\n<p>Em 2021, comecei a colaborar com a <a rel=\"noreferrer noopener\" href=\"https:\/\/terradossonhos.org\/home\" target=\"_blank\">Associa\u00e7\u00e3o Terra dos Sonhos<\/a> como consultora t\u00e9cnica na Oficina dos Sonhos, apoiando a equipa da Terra dos Sonhos, realizando a\u00e7\u00f5es de capacita\u00e7\u00e3o com t\u00e9cnicos de institui\u00e7\u00f5es de Acolhimento e a facilita\u00e7\u00e3o de c\u00edrculos de reflex\u00e3o em rede.   <\/p>\n","protected":false},"excerpt":{"rendered":"<p>Na minha vida e nos projetos onde estou envolvida, aplico os princ\u00edpios da express\u00e3o e da escuta aut\u00eantica e vejo-me a construir um mundo melhor, em c\u00edrculo. Com adultos, jovens e crian\u00e7as, em escolas, organiza\u00e7\u00f5es, empresas, com professores, executivos, l\u00edderes, amigos e quem sente o mesmo apelo. Estar em c\u00edrculo tem feito parte da minha &hellip; <a href=\"https:\/\/brilhar.pt\/index.php\/2020\/02\/14\/os-circulos-da-minha-vida\/\" class=\"more-link\">Continuar a ler<span class=\"screen-reader-text\"> &#8220;C\u00edrculos, forma\u00e7\u00e3o e consultoria&#8221;<\/span><\/a><\/p>\n","protected":false},"author":2,"featured_media":0,"comment_status":"closed","ping_status":"closed","sticky":false,"template":"","format":"standard","meta":[],"categories":[1],"tags":[],"_links":{"self":[{"href":"https:\/\/brilhar.pt\/index.php\/wp-json\/wp\/v2\/posts\/132"}],"collection":[{"href":"https:\/\/brilhar.pt\/index.php\/wp-json\/wp\/v2\/posts"}],"about":[{"href":"https:\/\/brilhar.pt\/index.php\/wp-json\/wp\/v2\/types\/post"}],"author":[{"embeddable":true,"href":"https:\/\/brilhar.pt\/index.php\/wp-json\/wp\/v2\/users\/2"}],"replies":[{"embeddable":true,"href":"https:\/\/brilhar.pt\/index.php\/wp-json\/wp\/v2\/comments?post=132"}],"version-history":[{"count":29,"href":"https:\/\/brilhar.pt\/index.php\/wp-json\/wp\/v2\/posts\/132\/revisions"}],"predecessor-version":[{"id":233,"href":"https:\/\/brilhar.pt\/index.php\/wp-json\/wp\/v2\/posts\/132\/revisions\/233"}],"wp:attachment":[{"href":"https:\/\/brilhar.pt\/index.php\/wp-json\/wp\/v2\/media?parent=132"}],"wp:term":[{"taxonomy":"category","embeddable":true,"href":"https:\/\/brilhar.pt\/index.php\/wp-json\/wp\/v2\/categories?post=132"},{"taxonomy":"post_tag","embeddable":true,"href":"https:\/\/brilhar.pt\/index.php\/wp-json\/wp\/v2\/tags?post=132"}],"curies":[{"name":"wp","href":"https:\/\/api.w.org\/{rel}","templated":true}]}}